{"id":693,"date":"2016-05-22T21:56:06","date_gmt":"2016-05-22T18:56:06","guid":{"rendered":"http:\/\/eyli.com.tr\/?p=693"},"modified":"2016-05-22T21:56:06","modified_gmt":"2016-05-22T18:56:06","slug":"is-makinesi-sektoru-en-buyuk-10-is-makinesi-ureticisi-icin-2016-yili","status":"publish","type":"post","link":"https:\/\/eyli.com.tr\/en\/is-makinesi-sektoru-en-buyuk-10-is-makinesi-ureticisi-icin-2016-yili\/","title":{"rendered":"\u0130\u015f Makinesi Sekt\u00f6r\u00fc ve En b\u00fcy\u00fck 10 \u0130\u015f Makinesi \u00dcreticisi \u0130\u00e7in 2016 Y\u0131l\u0131"},"content":{"rendered":"<p><img loading=\"lazy\" decoding=\"async\" class=\"alignleft wp-image-694 size-full\" src=\"http:\/\/eyli.com.tr\/wp-content\/uploads\/2016\/05\/10-is-makinesi-ureticisinin-gelir-paylari.jpg\" alt=\"10-is-makinesi-ureticisinin-gelir-paylari\" width=\"545\" height=\"391\" srcset=\"https:\/\/eyli.com.tr\/wp-content\/uploads\/2016\/05\/10-is-makinesi-ureticisinin-gelir-paylari.jpg 545w, https:\/\/eyli.com.tr\/wp-content\/uploads\/2016\/05\/10-is-makinesi-ureticisinin-gelir-paylari-300x215.jpg 300w\" sizes=\"auto, (max-width: 545px) 100vw, 545px\" \/><\/p>\n<p><strong>2016 Y\u0131l\u0131 d\u00fcnyan\u0131n en b\u00fcy\u00fck 10 i\u015f makinesi \u00fcreticisinin gelir paylar\u0131<\/strong><\/p>\n<p>Ge\u00e7en y\u0131l k\u00fcresel emtia fiyatlar\u0131ndaki d\u00fc\u015f\u00fc\u015f ve bir\u00e7ok geli\u015fmekte olan ekonomideki yava\u015flama d\u00fcnyan\u0131n en b\u00fcy\u00fck 50 i\u015f makinesi \u00fcreticisinin gelirlerini %16,2 oran\u0131nda azaltarak 133 milyar dolara d\u00fc\u015fmesine neden oldu. Bu k\u00fcresel krizin ya\u015fand\u0131\u011f\u0131 2009 y\u0131l\u0131ndan bu yana ger\u00e7ekle\u015fen en d\u00fc\u015f\u00fck gelir olarak kay\u0131tlara ge\u00e7ti.<\/p>\n<p>Bu pazar trendinin en \u00e7arp\u0131c\u0131 etkisi \u00c7in\u2019in en b\u00fcy\u00fck i\u015f makineleri \u00fcreticilerinin aras\u0131nda g\u00f6r\u00fcld\u00fc. \u00c7in\u2019deki t\u00fcm \u015firketler 12 ay \u00f6nceki d\u00fcnyadaki s\u0131ralar\u0131 kar\u015f\u0131la\u015ft\u0131r\u0131ld\u0131\u011f\u0131nda daha d\u00fc\u015f\u00fck seviyelere d\u00fc\u015fm\u00fc\u015flerdir. Bu ayr\u0131ca en b\u00fcy\u00fck 10 \u00fcreticiden sadece birisinin \u00c7in\u2019li \u015firket olarak kalmas\u0131na da neden olmu\u015ftur.<\/p>\n<p>En b\u00fcy\u00fck \u00fcretici olan Caterpillar\u2019\u0131n s\u0131ralamas\u0131 de\u011fi\u015fmezken Komatsu\u2019da ikincilik konumunu bir kez daha korumu\u015ftur. Bununla birlikte Terex sekt\u00f6rdeki k\u00fcresel \u00fc\u00e7\u00fcnc\u00fcl\u00fc\u011f\u00fcn\u00fc Hitachi\u2019ye vermi\u015ftir. Libherr\u2019de Volvo\u2019nun s\u0131ras\u0131n\u0131 alm\u0131\u015ft\u0131r.<\/p>\n<p>Bununla birlikte, Terex, Hitachi, Liebherr, Volvo ve John Deere i\u00e7in gelirlerde \u00e7ok de\u011fi\u015fikli\u011fin olmad\u0131\u011f\u0131n\u0131 k\u00fc\u00e7\u00fck farklarla birbirlerinin yerlerini ald\u0131\u011f\u0131n\u0131 s\u00f6yleyebiliriz.<\/p>\n<p>Bunun d\u0131\u015f\u0131nda Doosan\u2019\u0131n sekizinci s\u0131raya \u00e7\u0131kt\u0131\u011f\u0131n\u0131 ve JCB\u2019nin de bu elit grubu tamamlad\u0131\u011f\u0131n\u0131 g\u00f6r\u00fcyoruz.<\/p>\n<p>Sekt\u00f6r dan\u0131\u015fmanl\u0131k ve tahmin \u015firketi Off-Highway Research 2016 y\u0131l\u0131n\u0131n sekt\u00f6r i\u00e7in dip noktas\u0131 olaca\u011f\u0131n\u0131 ve i\u015f makineleri k\u00fcresel sat\u0131\u015flar\u0131n\u0131n 2017\u2019den itibaren y\u00fckselmesinin beklendi\u011fini belirtmektedir.<\/p>\n<p><a href=\"http:\/\/eyli.com.tr\/yedek-parca\/\">Volvo \u0130\u015f Makineleri yedek par\u00e7alar\u0131<\/a> ve <a href=\"http:\/\/eyli.com.tr\/volvo-kaya-kamyonu\/\">ikinci el kaya kamyonu<\/a>, ekskavat\u00f6r,greyder, tekerlekli y\u00fckleyiciler ve beko loderler i\u00e7in bize dan\u0131\u015f\u0131n\u0131z.<\/p>\n","protected":false},"excerpt":{"rendered":"<p>2016 Y\u0131l\u0131 d\u00fcnyan\u0131n en b\u00fcy\u00fck 10 i\u015f makinesi \u00fcreticisinin gelir paylar\u0131 Ge\u00e7en y\u0131l k\u00fcresel emtia fiyatlar\u0131ndaki d\u00fc\u015f\u00fc\u015f ve bir\u00e7ok geli\u015fmekte olan ekonomideki yava\u015flama d\u00fcnyan\u0131n en b\u00fcy\u00fck 50 i\u015f makinesi \u00fcreticisinin gelirlerini %16,2 oran\u0131nda azaltarak 133 milyar dolara d\u00fc\u015fmesine neden oldu. Bu k\u00fcresel krizin ya\u015fand\u0131\u011f\u0131 2009 y\u0131l\u0131ndan bu yana ger\u00e7ekle\u015fen en d\u00fc\u015f\u00fck gelir olarak kay\u0131tlara ge\u00e7ti. [&hellip;]<\/p>\n","protected":false},"author":1,"featured_media":697,"comment_status":"closed","ping_status":"closed","sticky":false,"template":"","format":"standard","meta":{"footnotes":""},"categories":[1],"tags":[36,35],"class_list":["post-693","post","type-post","status-publish","format-standard","has-post-thumbnail","hentry","category-blog","tag-volvo-ikinci-el-kaya-kamyonu-yedek-parcalari","tag-volvo-is-makineleri-yedek-parcalari"],"yoast_head":"<!-- This site is optimized with the Yoast SEO plugin v26.8 - https:\/\/yoast.com\/product\/yoast-seo-wordpress\/ -->\n<title>\u0130\u015f Makinesi Sekt\u00f6r\u00fc ve En b\u00fcy\u00fck 10 \u0130\u015f Makinesi \u00dcreticisi \u0130\u00e7in 2016 Y\u0131l\u0131 - Eyli \u0130\u015f Makineleri<\/title>\n<meta name=\"robots\" content=\"index, follow, max-snippet:-1, max-image-preview:large, max-video-preview:-1\" \/>\n<link rel=\"canonical\" href=\"https:\/\/eyli.com.tr\/is-makinesi-sektoru-en-buyuk-10-is-makinesi-ureticisi-icin-2016-yili\/\" \/>\n<meta property=\"og:locale\" content=\"en_US\" \/>\n<meta property=\"og:type\" content=\"article\" \/>\n<meta property=\"og:title\" content=\"\u0130\u015f Makinesi Sekt\u00f6r\u00fc ve En b\u00fcy\u00fck 10 \u0130\u015f Makinesi \u00dcreticisi \u0130\u00e7in 2016 Y\u0131l\u0131 - Eyli \u0130\u015f Makineleri\" \/>\n<meta property=\"og:description\" content=\"2016 Y\u0131l\u0131 d\u00fcnyan\u0131n en b\u00fcy\u00fck 10 i\u015f makinesi \u00fcreticisinin gelir paylar\u0131 Ge\u00e7en y\u0131l k\u00fcresel emtia fiyatlar\u0131ndaki d\u00fc\u015f\u00fc\u015f ve bir\u00e7ok geli\u015fmekte olan ekonomideki yava\u015flama d\u00fcnyan\u0131n en b\u00fcy\u00fck 50 i\u015f makinesi \u00fcreticisinin gelirlerini %16,2 oran\u0131nda azaltarak 133 milyar dolara d\u00fc\u015fmesine neden oldu. Bu k\u00fcresel krizin ya\u015fand\u0131\u011f\u0131 2009 y\u0131l\u0131ndan bu yana ger\u00e7ekle\u015fen en d\u00fc\u015f\u00fck gelir olarak kay\u0131tlara ge\u00e7ti. [&hellip;]\" \/>\n<meta property=\"og:url\" content=\"https:\/\/eyli.com.tr\/is-makinesi-sektoru-en-buyuk-10-is-makinesi-ureticisi-icin-2016-yili\/\" \/>\n<meta property=\"og:site_name\" content=\"Eyli \u0130\u015f Makineleri\" \/>\n<meta property=\"article:publisher\" content=\"https:\/\/www.facebook.com\/eylicomtr\" \/>\n<meta property=\"article:published_time\" content=\"2016-05-22T18:56:06+00:00\" \/>\n<meta property=\"og:image\" content=\"https:\/\/eyli.com.tr\/wp-content\/uploads\/2016\/05\/10-is-makinesi-ureticisinin-gelir-dagilimi.jpg\" \/>\n\t<meta property=\"og:image:width\" content=\"640\" \/>\n\t<meta property=\"og:image:height\" content=\"350\" \/>\n\t<meta property=\"og:image:type\" content=\"image\/jpeg\" \/>\n<meta name=\"author\" content=\"admin\" \/>\n<meta name=\"twitter:card\" content=\"summary_large_image\" \/>\n<meta name=\"twitter:label1\" content=\"Written by\" \/>\n\t<meta name=\"twitter:data1\" content=\"admin\" \/>\n\t<meta name=\"twitter:label2\" content=\"Est. reading time\" \/>\n\t<meta name=\"twitter:data2\" content=\"2 minutes\" \/>\n<script type=\"application\/ld+json\" class=\"yoast-schema-graph\">{\"@context\":\"https:\/\/schema.org\",\"@graph\":[{\"@type\":\"Article\",\"@id\":\"https:\/\/eyli.com.tr\/is-makinesi-sektoru-en-buyuk-10-is-makinesi-ureticisi-icin-2016-yili\/#article\",\"isPartOf\":{\"@id\":\"https:\/\/eyli.com.tr\/is-makinesi-sektoru-en-buyuk-10-is-makinesi-ureticisi-icin-2016-yili\/\"},\"author\":{\"name\":\"admin\",\"@id\":\"https:\/\/eyli.com.tr\/#\/schema\/person\/9cc50ee7e43c814cb6cc1607a79a689b\"},\"headline\":\"\u0130\u015f Makinesi Sekt\u00f6r\u00fc ve En b\u00fcy\u00fck 10 \u0130\u015f Makinesi \u00dcreticisi \u0130\u00e7in 2016 Y\u0131l\u0131\",\"datePublished\":\"2016-05-22T18:56:06+00:00\",\"mainEntityOfPage\":{\"@id\":\"https:\/\/eyli.com.tr\/is-makinesi-sektoru-en-buyuk-10-is-makinesi-ureticisi-icin-2016-yili\/\"},\"wordCount\":313,\"publisher\":{\"@id\":\"https:\/\/eyli.com.tr\/#organization\"},\"image\":{\"@id\":\"https:\/\/eyli.com.tr\/is-makinesi-sektoru-en-buyuk-10-is-makinesi-ureticisi-icin-2016-yili\/#primaryimage\"},\"thumbnailUrl\":\"https:\/\/eyli.com.tr\/wp-content\/uploads\/2016\/05\/10-is-makinesi-ureticisinin-gelir-dagilimi.jpg\",\"keywords\":[\"volvo ikinci el kaya kamyonu yedek par\u00e7alar\u0131\",\"volvo i\u015f makineleri yedek par\u00e7alar\u0131\"],\"articleSection\":[\"Blog\"],\"inLanguage\":\"en-US\"},{\"@type\":\"WebPage\",\"@id\":\"https:\/\/eyli.com.tr\/is-makinesi-sektoru-en-buyuk-10-is-makinesi-ureticisi-icin-2016-yili\/\",\"url\":\"https:\/\/eyli.com.tr\/is-makinesi-sektoru-en-buyuk-10-is-makinesi-ureticisi-icin-2016-yili\/\",\"name\":\"\u0130\u015f Makinesi Sekt\u00f6r\u00fc ve En b\u00fcy\u00fck 10 \u0130\u015f Makinesi \u00dcreticisi \u0130\u00e7in 2016 Y\u0131l\u0131 - Eyli \u0130\u015f Makineleri\",\"isPartOf\":{\"@id\":\"https:\/\/eyli.com.tr\/#website\"},\"primaryImageOfPage\":{\"@id\":\"https:\/\/eyli.com.tr\/is-makinesi-sektoru-en-buyuk-10-is-makinesi-ureticisi-icin-2016-yili\/#primaryimage\"},\"image\":{\"@id\":\"https:\/\/eyli.com.tr\/is-makinesi-sektoru-en-buyuk-10-is-makinesi-ureticisi-icin-2016-yili\/#primaryimage\"},\"thumbnailUrl\":\"https:\/\/eyli.com.tr\/wp-content\/uploads\/2016\/05\/10-is-makinesi-ureticisinin-gelir-dagilimi.jpg\",\"datePublished\":\"2016-05-22T18:56:06+00:00\",\"breadcrumb\":{\"@id\":\"https:\/\/eyli.com.tr\/is-makinesi-sektoru-en-buyuk-10-is-makinesi-ureticisi-icin-2016-yili\/#breadcrumb\"},\"inLanguage\":\"en-US\",\"potentialAction\":[{\"@type\":\"ReadAction\",\"target\":[\"https:\/\/eyli.com.tr\/is-makinesi-sektoru-en-buyuk-10-is-makinesi-ureticisi-icin-2016-yili\/\"]}]},{\"@type\":\"ImageObject\",\"inLanguage\":\"en-US\",\"@id\":\"https:\/\/eyli.com.tr\/is-makinesi-sektoru-en-buyuk-10-is-makinesi-ureticisi-icin-2016-yili\/#primaryimage\",\"url\":\"https:\/\/eyli.com.tr\/wp-content\/uploads\/2016\/05\/10-is-makinesi-ureticisinin-gelir-dagilimi.jpg\",\"contentUrl\":\"https:\/\/eyli.com.tr\/wp-content\/uploads\/2016\/05\/10-is-makinesi-ureticisinin-gelir-dagilimi.jpg\",\"width\":640,\"height\":350},{\"@type\":\"BreadcrumbList\",\"@id\":\"https:\/\/eyli.com.tr\/is-makinesi-sektoru-en-buyuk-10-is-makinesi-ureticisi-icin-2016-yili\/#breadcrumb\",\"itemListElement\":[{\"@type\":\"ListItem\",\"position\":1,\"name\":\"Ana sayfa\",\"item\":\"https:\/\/eyli.com.tr\/\"},{\"@type\":\"ListItem\",\"position\":2,\"name\":\"\u0130\u015f Makinesi Sekt\u00f6r\u00fc ve En b\u00fcy\u00fck 10 \u0130\u015f Makinesi \u00dcreticisi \u0130\u00e7in 2016 Y\u0131l\u0131\"}]},{\"@type\":\"WebSite\",\"@id\":\"https:\/\/eyli.com.tr\/#website\",\"url\":\"https:\/\/eyli.com.tr\/\",\"name\":\"Eyli \u0130\u015f Makineleri\",\"description\":\"\",\"publisher\":{\"@id\":\"https:\/\/eyli.com.tr\/#organization\"},\"potentialAction\":[{\"@type\":\"SearchAction\",\"target\":{\"@type\":\"EntryPoint\",\"urlTemplate\":\"https:\/\/eyli.com.tr\/?s={search_term_string}\"},\"query-input\":{\"@type\":\"PropertyValueSpecification\",\"valueRequired\":true,\"valueName\":\"search_term_string\"}}],\"inLanguage\":\"en-US\"},{\"@type\":\"Organization\",\"@id\":\"https:\/\/eyli.com.tr\/#organization\",\"name\":\"Eyli \u0130\u015f Makineleri\",\"url\":\"https:\/\/eyli.com.tr\/\",\"logo\":{\"@type\":\"ImageObject\",\"inLanguage\":\"en-US\",\"@id\":\"https:\/\/eyli.com.tr\/#\/schema\/logo\/image\/\",\"url\":\"https:\/\/eyli.com.tr\/wp-content\/uploads\/2020\/04\/WhatsApp-Image-2020-04-23-at-03.11.52-e1587829137284.jpeg\",\"contentUrl\":\"https:\/\/eyli.com.tr\/wp-content\/uploads\/2020\/04\/WhatsApp-Image-2020-04-23-at-03.11.52-e1587829137284.jpeg\",\"width\":1600,\"height\":900,\"caption\":\"Eyli \u0130\u015f Makineleri\"},\"image\":{\"@id\":\"https:\/\/eyli.com.tr\/#\/schema\/logo\/image\/\"},\"sameAs\":[\"https:\/\/www.facebook.com\/eylicomtr\"]},{\"@type\":\"Person\",\"@id\":\"https:\/\/eyli.com.tr\/#\/schema\/person\/9cc50ee7e43c814cb6cc1607a79a689b\",\"name\":\"admin\",\"image\":{\"@type\":\"ImageObject\",\"inLanguage\":\"en-US\",\"@id\":\"https:\/\/eyli.com.tr\/#\/schema\/person\/image\/\",\"url\":\"https:\/\/secure.gravatar.com\/avatar\/8c992c4e56f805ffd3ff97a45cf55d7b?s=96&d=mm&r=g\",\"contentUrl\":\"https:\/\/secure.gravatar.com\/avatar\/8c992c4e56f805ffd3ff97a45cf55d7b?s=96&d=mm&r=g\",\"caption\":\"admin\"},\"url\":\"https:\/\/eyli.com.tr\/en\/author\/eylivolvo\/\"}]}<\/script>\n<!-- \/ Yoast SEO plugin. -->","yoast_head_json":{"title":"\u0130\u015f Makinesi Sekt\u00f6r\u00fc ve En b\u00fcy\u00fck 10 \u0130\u015f Makinesi \u00dcreticisi \u0130\u00e7in 2016 Y\u0131l\u0131 - Eyli \u0130\u015f Makineleri","robots":{"index":"index","follow":"follow","max-snippet":"max-snippet:-1","max-image-preview":"max-image-preview:large","max-video-preview":"max-video-preview:-1"},"canonical":"https:\/\/eyli.com.tr\/is-makinesi-sektoru-en-buyuk-10-is-makinesi-ureticisi-icin-2016-yili\/","og_locale":"en_US","og_type":"article","og_title":"\u0130\u015f Makinesi Sekt\u00f6r\u00fc ve En b\u00fcy\u00fck 10 \u0130\u015f Makinesi \u00dcreticisi \u0130\u00e7in 2016 Y\u0131l\u0131 - Eyli \u0130\u015f Makineleri","og_description":"2016 Y\u0131l\u0131 d\u00fcnyan\u0131n en b\u00fcy\u00fck 10 i\u015f makinesi \u00fcreticisinin gelir paylar\u0131 Ge\u00e7en y\u0131l k\u00fcresel emtia fiyatlar\u0131ndaki d\u00fc\u015f\u00fc\u015f ve bir\u00e7ok geli\u015fmekte olan ekonomideki yava\u015flama d\u00fcnyan\u0131n en b\u00fcy\u00fck 50 i\u015f makinesi \u00fcreticisinin gelirlerini %16,2 oran\u0131nda azaltarak 133 milyar dolara d\u00fc\u015fmesine neden oldu. Bu k\u00fcresel krizin ya\u015fand\u0131\u011f\u0131 2009 y\u0131l\u0131ndan bu yana ger\u00e7ekle\u015fen en d\u00fc\u015f\u00fck gelir olarak kay\u0131tlara ge\u00e7ti. [&hellip;]","og_url":"https:\/\/eyli.com.tr\/is-makinesi-sektoru-en-buyuk-10-is-makinesi-ureticisi-icin-2016-yili\/","og_site_name":"Eyli \u0130\u015f Makineleri","article_publisher":"https:\/\/www.facebook.com\/eylicomtr","article_published_time":"2016-05-22T18:56:06+00:00","og_image":[{"width":640,"height":350,"url":"https:\/\/eyli.com.tr\/wp-content\/uploads\/2016\/05\/10-is-makinesi-ureticisinin-gelir-dagilimi.jpg","type":"image\/jpeg"}],"author":"admin","twitter_card":"summary_large_image","twitter_misc":{"Written by":"admin","Est. reading time":"2 minutes"},"schema":{"@context":"https:\/\/schema.org","@graph":[{"@type":"Article","@id":"https:\/\/eyli.com.tr\/is-makinesi-sektoru-en-buyuk-10-is-makinesi-ureticisi-icin-2016-yili\/#article","isPartOf":{"@id":"https:\/\/eyli.com.tr\/is-makinesi-sektoru-en-buyuk-10-is-makinesi-ureticisi-icin-2016-yili\/"},"author":{"name":"admin","@id":"https:\/\/eyli.com.tr\/#\/schema\/person\/9cc50ee7e43c814cb6cc1607a79a689b"},"headline":"\u0130\u015f Makinesi Sekt\u00f6r\u00fc ve En b\u00fcy\u00fck 10 \u0130\u015f Makinesi \u00dcreticisi \u0130\u00e7in 2016 Y\u0131l\u0131","datePublished":"2016-05-22T18:56:06+00:00","mainEntityOfPage":{"@id":"https:\/\/eyli.com.tr\/is-makinesi-sektoru-en-buyuk-10-is-makinesi-ureticisi-icin-2016-yili\/"},"wordCount":313,"publisher":{"@id":"https:\/\/eyli.com.tr\/#organization"},"image":{"@id":"https:\/\/eyli.com.tr\/is-makinesi-sektoru-en-buyuk-10-is-makinesi-ureticisi-icin-2016-yili\/#primaryimage"},"thumbnailUrl":"https:\/\/eyli.com.tr\/wp-content\/uploads\/2016\/05\/10-is-makinesi-ureticisinin-gelir-dagilimi.jpg","keywords":["volvo ikinci el kaya kamyonu yedek par\u00e7alar\u0131","volvo i\u015f makineleri yedek par\u00e7alar\u0131"],"articleSection":["Blog"],"inLanguage":"en-US"},{"@type":"WebPage","@id":"https:\/\/eyli.com.tr\/is-makinesi-sektoru-en-buyuk-10-is-makinesi-ureticisi-icin-2016-yili\/","url":"https:\/\/eyli.com.tr\/is-makinesi-sektoru-en-buyuk-10-is-makinesi-ureticisi-icin-2016-yili\/","name":"\u0130\u015f Makinesi Sekt\u00f6r\u00fc ve En b\u00fcy\u00fck 10 \u0130\u015f Makinesi \u00dcreticisi \u0130\u00e7in 2016 Y\u0131l\u0131 - Eyli \u0130\u015f Makineleri","isPartOf":{"@id":"https:\/\/eyli.com.tr\/#website"},"primaryImageOfPage":{"@id":"https:\/\/eyli.com.tr\/is-makinesi-sektoru-en-buyuk-10-is-makinesi-ureticisi-icin-2016-yili\/#primaryimage"},"image":{"@id":"https:\/\/eyli.com.tr\/is-makinesi-sektoru-en-buyuk-10-is-makinesi-ureticisi-icin-2016-yili\/#primaryimage"},"thumbnailUrl":"https:\/\/eyli.com.tr\/wp-content\/uploads\/2016\/05\/10-is-makinesi-ureticisinin-gelir-dagilimi.jpg","datePublished":"2016-05-22T18:56:06+00:00","breadcrumb":{"@id":"https:\/\/eyli.com.tr\/is-makinesi-sektoru-en-buyuk-10-is-makinesi-ureticisi-icin-2016-yili\/#breadcrumb"},"inLanguage":"en-US","potentialAction":[{"@type":"ReadAction","target":["https:\/\/eyli.com.tr\/is-makinesi-sektoru-en-buyuk-10-is-makinesi-ureticisi-icin-2016-yili\/"]}]},{"@type":"ImageObject","inLanguage":"en-US","@id":"https:\/\/eyli.com.tr\/is-makinesi-sektoru-en-buyuk-10-is-makinesi-ureticisi-icin-2016-yili\/#primaryimage","url":"https:\/\/eyli.com.tr\/wp-content\/uploads\/2016\/05\/10-is-makinesi-ureticisinin-gelir-dagilimi.jpg","contentUrl":"https:\/\/eyli.com.tr\/wp-content\/uploads\/2016\/05\/10-is-makinesi-ureticisinin-gelir-dagilimi.jpg","width":640,"height":350},{"@type":"BreadcrumbList","@id":"https:\/\/eyli.com.tr\/is-makinesi-sektoru-en-buyuk-10-is-makinesi-ureticisi-icin-2016-yili\/#breadcrumb","itemListElement":[{"@type":"ListItem","position":1,"name":"Ana sayfa","item":"https:\/\/eyli.com.tr\/"},{"@type":"ListItem","position":2,"name":"\u0130\u015f Makinesi Sekt\u00f6r\u00fc ve En b\u00fcy\u00fck 10 \u0130\u015f Makinesi \u00dcreticisi \u0130\u00e7in 2016 Y\u0131l\u0131"}]},{"@type":"WebSite","@id":"https:\/\/eyli.com.tr\/#website","url":"https:\/\/eyli.com.tr\/","name":"Eyli \u0130\u015f Makineleri","description":"","publisher":{"@id":"https:\/\/eyli.com.tr\/#organization"},"potentialAction":[{"@type":"SearchAction","target":{"@type":"EntryPoint","urlTemplate":"https:\/\/eyli.com.tr\/?s={search_term_string}"},"query-input":{"@type":"PropertyValueSpecification","valueRequired":true,"valueName":"search_term_string"}}],"inLanguage":"en-US"},{"@type":"Organization","@id":"https:\/\/eyli.com.tr\/#organization","name":"Eyli \u0130\u015f Makineleri","url":"https:\/\/eyli.com.tr\/","logo":{"@type":"ImageObject","inLanguage":"en-US","@id":"https:\/\/eyli.com.tr\/#\/schema\/logo\/image\/","url":"https:\/\/eyli.com.tr\/wp-content\/uploads\/2020\/04\/WhatsApp-Image-2020-04-23-at-03.11.52-e1587829137284.jpeg","contentUrl":"https:\/\/eyli.com.tr\/wp-content\/uploads\/2020\/04\/WhatsApp-Image-2020-04-23-at-03.11.52-e1587829137284.jpeg","width":1600,"height":900,"caption":"Eyli \u0130\u015f Makineleri"},"image":{"@id":"https:\/\/eyli.com.tr\/#\/schema\/logo\/image\/"},"sameAs":["https:\/\/www.facebook.com\/eylicomtr"]},{"@type":"Person","@id":"https:\/\/eyli.com.tr\/#\/schema\/person\/9cc50ee7e43c814cb6cc1607a79a689b","name":"admin","image":{"@type":"ImageObject","inLanguage":"en-US","@id":"https:\/\/eyli.com.tr\/#\/schema\/person\/image\/","url":"https:\/\/secure.gravatar.com\/avatar\/8c992c4e56f805ffd3ff97a45cf55d7b?s=96&d=mm&r=g","contentUrl":"https:\/\/secure.gravatar.com\/avatar\/8c992c4e56f805ffd3ff97a45cf55d7b?s=96&d=mm&r=g","caption":"admin"},"url":"https:\/\/eyli.com.tr\/en\/author\/eylivolvo\/"}]}},"_links":{"self":[{"href":"https:\/\/eyli.com.tr\/en\/wp-json\/wp\/v2\/posts\/693","targetHints":{"allow":["GET"]}}],"collection":[{"href":"https:\/\/eyli.com.tr\/en\/wp-json\/wp\/v2\/posts"}],"about":[{"href":"https:\/\/eyli.com.tr\/en\/wp-json\/wp\/v2\/types\/post"}],"author":[{"embeddable":true,"href":"https:\/\/eyli.com.tr\/en\/wp-json\/wp\/v2\/users\/1"}],"replies":[{"embeddable":true,"href":"https:\/\/eyli.com.tr\/en\/wp-json\/wp\/v2\/comments?post=693"}],"version-history":[{"count":3,"href":"https:\/\/eyli.com.tr\/en\/wp-json\/wp\/v2\/posts\/693\/revisions"}],"predecessor-version":[{"id":1244,"href":"https:\/\/eyli.com.tr\/en\/wp-json\/wp\/v2\/posts\/693\/revisions\/1244"}],"wp:featuredmedia":[{"embeddable":true,"href":"https:\/\/eyli.com.tr\/en\/wp-json\/wp\/v2\/media\/697"}],"wp:attachment":[{"href":"https:\/\/eyli.com.tr\/en\/wp-json\/wp\/v2\/media?parent=693"}],"wp:term":[{"taxonomy":"category","embeddable":true,"href":"https:\/\/eyli.com.tr\/en\/wp-json\/wp\/v2\/categories?post=693"},{"taxonomy":"post_tag","embeddable":true,"href":"https:\/\/eyli.com.tr\/en\/wp-json\/wp\/v2\/tags?post=693"}],"curies":[{"name":"wp","href":"https:\/\/api.w.org\/{rel}","templated":true}]}}