{"id":681,"date":"2016-05-22T22:02:14","date_gmt":"2016-05-22T19:02:14","guid":{"rendered":"http:\/\/eyli.com.tr\/?p=681"},"modified":"2016-05-22T22:02:14","modified_gmt":"2016-05-22T19:02:14","slug":"volvo-330-dusunulmesi-gereken-bir-kazici","status":"publish","type":"post","link":"https:\/\/eyli.com.tr\/en\/volvo-330-dusunulmesi-gereken-bir-kazici\/","title":{"rendered":"Volvo 330 \u2013 D\u00fc\u015f\u00fcn\u00fclmesi gereken bir kaz\u0131c\u0131"},"content":{"rendered":"<p>Kaz\u0131c\u0131lar onlarca y\u0131ld\u0131r kullan\u0131lmaktad\u0131rlar ve i\u015fi daha etkin, h\u0131zl\u0131 ve \u00e7ok daha kolay bir hale d\u00f6n\u00fc\u015ft\u00fcrmektedirler. Bu y\u00fczden, \u00fcreticilerin \u00fcr\u00fcnlerini m\u00fcmk\u00fcn oldu\u011funca \u00e7ok iyile\u015ftirmek i\u00e7in yo\u011fun bir \u015fekilde \u00e7al\u0131\u015fmalar\u0131 son derece mant\u0131kl\u0131d\u0131r. Piyasada halihaz\u0131rda say\u0131s\u0131z kaz\u0131c\u0131 mevcuttur, fakat kesinlikle sadece birka\u00e7\u0131 yak\u0131ndan bakmaya de\u011ferdir.<\/p>\n<p>Bu kaz\u0131c\u0131lardan birisi Volvo EC 330 CL, Volvo EC 330 CL ME, Volvo EC 330 BLC ve Volvo EC BLC ME \u015feklinde d\u00f6rt farkl\u0131 varyasyonu bulunan Volvo EC330\u2019dur. Spesifikasyonlar\u0131 d\u00fc\u015f\u00fcn\u00fcld\u00fc\u011f\u00fcnde birbirlerinden bir miktar farkl\u0131l\u0131k g\u00f6stermektedirler, fakat hepsi i\u00e7in ge\u00e7erli olan bir \u015fey varsa o da hepsinin g\u00fc\u00e7l\u00fc oldu\u011fu ve fiyatlar\u0131n\u0131n de\u011ferine kar\u015f\u0131l\u0131k geldi\u011fidir. T\u00fcm modeller 6,22 m veya 6,46 m \u00f6l\u00e7\u00fcs\u00fcnde tek bir kola ve 265 hp br\u00fct motor g\u00fcc\u00fcnde turbo \u015farjl\u0131 Volvo dizel motoruna sahiptir. Modelin maksimum beygirg\u00fcc\u00fc \u00e7\u0131kt\u0131s\u0131 da etkileyicidir. 1.25\u2019ten 2.52\u2019ye \u00e7\u0131kan kep\u00e7e kapasitesi bulunmaktad\u0131r. Volvo EC330 son derece harika olan 33,7\u2019den 36,6 tona kadar bir \u00e7al\u0131\u015fma a\u011f\u0131rl\u0131\u011f\u0131na ula\u015fmaktad\u0131r. T\u00fcm bunlar bu \u00f6zel modeli (veya d\u00f6rt varyasyonunu da diyebiliriz) bir kaz\u0131c\u0131 ararken ger\u00e7ekten dikkate almaya de\u011fer hale d\u00f6n\u00fc\u015ft\u00fcrmektedir.<\/p>\n","protected":false},"excerpt":{"rendered":"<p>Kaz\u0131c\u0131lar onlarca y\u0131ld\u0131r kullan\u0131lmaktad\u0131rlar ve i\u015fi daha etkin, h\u0131zl\u0131 ve \u00e7ok daha kolay bir hale d\u00f6n\u00fc\u015ft\u00fcrmektedirler. Bu y\u00fczden, \u00fcreticilerin \u00fcr\u00fcnlerini m\u00fcmk\u00fcn oldu\u011funca \u00e7ok iyile\u015ftirmek i\u00e7in yo\u011fun bir \u015fekilde \u00e7al\u0131\u015fmalar\u0131 son derece mant\u0131kl\u0131d\u0131r. Piyasada halihaz\u0131rda say\u0131s\u0131z kaz\u0131c\u0131 mevcuttur, fakat kesinlikle sadece birka\u00e7\u0131 yak\u0131ndan bakmaya de\u011ferdir. Bu kaz\u0131c\u0131lardan birisi Volvo EC 330 CL, Volvo EC 330 CL [&hellip;]<\/p>\n","protected":false},"author":1,"featured_media":682,"comment_status":"closed","ping_status":"closed","sticky":false,"template":"","format":"standard","meta":{"footnotes":""},"categories":[1],"tags":[],"class_list":["post-681","post","type-post","status-publish","format-standard","has-post-thumbnail","hentry","category-blog"],"yoast_head":"<!-- This site is optimized with the Yoast SEO plugin v26.8 - https:\/\/yoast.com\/product\/yoast-seo-wordpress\/ -->\n<title>Volvo 330 \u2013 D\u00fc\u015f\u00fcn\u00fclmesi gereken bir kaz\u0131c\u0131 - Eyli \u0130\u015f Makineleri<\/title>\n<meta name=\"robots\" content=\"index, follow, max-snippet:-1, max-image-preview:large, max-video-preview:-1\" \/>\n<link rel=\"canonical\" href=\"https:\/\/eyli.com.tr\/volvo-330-dusunulmesi-gereken-bir-kazici\/\" \/>\n<meta property=\"og:locale\" content=\"en_US\" \/>\n<meta property=\"og:type\" content=\"article\" \/>\n<meta property=\"og:title\" content=\"Volvo 330 \u2013 D\u00fc\u015f\u00fcn\u00fclmesi gereken bir kaz\u0131c\u0131 - Eyli \u0130\u015f Makineleri\" \/>\n<meta property=\"og:description\" content=\"Kaz\u0131c\u0131lar onlarca y\u0131ld\u0131r kullan\u0131lmaktad\u0131rlar ve i\u015fi daha etkin, h\u0131zl\u0131 ve \u00e7ok daha kolay bir hale d\u00f6n\u00fc\u015ft\u00fcrmektedirler. Bu y\u00fczden, \u00fcreticilerin \u00fcr\u00fcnlerini m\u00fcmk\u00fcn oldu\u011funca \u00e7ok iyile\u015ftirmek i\u00e7in yo\u011fun bir \u015fekilde \u00e7al\u0131\u015fmalar\u0131 son derece mant\u0131kl\u0131d\u0131r. Piyasada halihaz\u0131rda say\u0131s\u0131z kaz\u0131c\u0131 mevcuttur, fakat kesinlikle sadece birka\u00e7\u0131 yak\u0131ndan bakmaya de\u011ferdir. Bu kaz\u0131c\u0131lardan birisi Volvo EC 330 CL, Volvo EC 330 CL [&hellip;]\" \/>\n<meta property=\"og:url\" content=\"https:\/\/eyli.com.tr\/volvo-330-dusunulmesi-gereken-bir-kazici\/\" \/>\n<meta property=\"og:site_name\" content=\"Eyli \u0130\u015f Makineleri\" \/>\n<meta property=\"article:publisher\" content=\"https:\/\/www.facebook.com\/eylicomtr\" \/>\n<meta property=\"article:published_time\" content=\"2016-05-22T19:02:14+00:00\" \/>\n<meta property=\"og:image\" content=\"https:\/\/eyli.com.tr\/wp-content\/uploads\/2016\/05\/volvo-330.jpg\" \/>\n\t<meta property=\"og:image:width\" content=\"647\" \/>\n\t<meta property=\"og:image:height\" content=\"485\" \/>\n\t<meta property=\"og:image:type\" content=\"image\/jpeg\" \/>\n<meta name=\"author\" content=\"admin\" \/>\n<meta name=\"twitter:card\" content=\"summary_large_image\" \/>\n<meta name=\"twitter:label1\" content=\"Written by\" \/>\n\t<meta name=\"twitter:data1\" content=\"admin\" \/>\n\t<meta name=\"twitter:label2\" content=\"Est. reading time\" \/>\n\t<meta name=\"twitter:data2\" content=\"1 minute\" \/>\n<script type=\"application\/ld+json\" class=\"yoast-schema-graph\">{\"@context\":\"https:\/\/schema.org\",\"@graph\":[{\"@type\":\"Article\",\"@id\":\"https:\/\/eyli.com.tr\/volvo-330-dusunulmesi-gereken-bir-kazici\/#article\",\"isPartOf\":{\"@id\":\"https:\/\/eyli.com.tr\/volvo-330-dusunulmesi-gereken-bir-kazici\/\"},\"author\":{\"name\":\"admin\",\"@id\":\"https:\/\/eyli.com.tr\/#\/schema\/person\/9cc50ee7e43c814cb6cc1607a79a689b\"},\"headline\":\"Volvo 330 \u2013 D\u00fc\u015f\u00fcn\u00fclmesi gereken bir kaz\u0131c\u0131\",\"datePublished\":\"2016-05-22T19:02:14+00:00\",\"mainEntityOfPage\":{\"@id\":\"https:\/\/eyli.com.tr\/volvo-330-dusunulmesi-gereken-bir-kazici\/\"},\"wordCount\":238,\"publisher\":{\"@id\":\"https:\/\/eyli.com.tr\/#organization\"},\"image\":{\"@id\":\"https:\/\/eyli.com.tr\/volvo-330-dusunulmesi-gereken-bir-kazici\/#primaryimage\"},\"thumbnailUrl\":\"https:\/\/eyli.com.tr\/wp-content\/uploads\/2016\/05\/volvo-330.jpg\",\"articleSection\":[\"Blog\"],\"inLanguage\":\"en-US\"},{\"@type\":\"WebPage\",\"@id\":\"https:\/\/eyli.com.tr\/volvo-330-dusunulmesi-gereken-bir-kazici\/\",\"url\":\"https:\/\/eyli.com.tr\/volvo-330-dusunulmesi-gereken-bir-kazici\/\",\"name\":\"Volvo 330 \u2013 D\u00fc\u015f\u00fcn\u00fclmesi gereken bir kaz\u0131c\u0131 - Eyli \u0130\u015f Makineleri\",\"isPartOf\":{\"@id\":\"https:\/\/eyli.com.tr\/#website\"},\"primaryImageOfPage\":{\"@id\":\"https:\/\/eyli.com.tr\/volvo-330-dusunulmesi-gereken-bir-kazici\/#primaryimage\"},\"image\":{\"@id\":\"https:\/\/eyli.com.tr\/volvo-330-dusunulmesi-gereken-bir-kazici\/#primaryimage\"},\"thumbnailUrl\":\"https:\/\/eyli.com.tr\/wp-content\/uploads\/2016\/05\/volvo-330.jpg\",\"datePublished\":\"2016-05-22T19:02:14+00:00\",\"breadcrumb\":{\"@id\":\"https:\/\/eyli.com.tr\/volvo-330-dusunulmesi-gereken-bir-kazici\/#breadcrumb\"},\"inLanguage\":\"en-US\",\"potentialAction\":[{\"@type\":\"ReadAction\",\"target\":[\"https:\/\/eyli.com.tr\/volvo-330-dusunulmesi-gereken-bir-kazici\/\"]}]},{\"@type\":\"ImageObject\",\"inLanguage\":\"en-US\",\"@id\":\"https:\/\/eyli.com.tr\/volvo-330-dusunulmesi-gereken-bir-kazici\/#primaryimage\",\"url\":\"https:\/\/eyli.com.tr\/wp-content\/uploads\/2016\/05\/volvo-330.jpg\",\"contentUrl\":\"https:\/\/eyli.com.tr\/wp-content\/uploads\/2016\/05\/volvo-330.jpg\",\"width\":647,\"height\":485},{\"@type\":\"BreadcrumbList\",\"@id\":\"https:\/\/eyli.com.tr\/volvo-330-dusunulmesi-gereken-bir-kazici\/#breadcrumb\",\"itemListElement\":[{\"@type\":\"ListItem\",\"position\":1,\"name\":\"Ana sayfa\",\"item\":\"https:\/\/eyli.com.tr\/\"},{\"@type\":\"ListItem\",\"position\":2,\"name\":\"Volvo 330 \u2013 D\u00fc\u015f\u00fcn\u00fclmesi gereken bir kaz\u0131c\u0131\"}]},{\"@type\":\"WebSite\",\"@id\":\"https:\/\/eyli.com.tr\/#website\",\"url\":\"https:\/\/eyli.com.tr\/\",\"name\":\"Eyli \u0130\u015f Makineleri\",\"description\":\"\",\"publisher\":{\"@id\":\"https:\/\/eyli.com.tr\/#organization\"},\"potentialAction\":[{\"@type\":\"SearchAction\",\"target\":{\"@type\":\"EntryPoint\",\"urlTemplate\":\"https:\/\/eyli.com.tr\/?s={search_term_string}\"},\"query-input\":{\"@type\":\"PropertyValueSpecification\",\"valueRequired\":true,\"valueName\":\"search_term_string\"}}],\"inLanguage\":\"en-US\"},{\"@type\":\"Organization\",\"@id\":\"https:\/\/eyli.com.tr\/#organization\",\"name\":\"Eyli \u0130\u015f Makineleri\",\"url\":\"https:\/\/eyli.com.tr\/\",\"logo\":{\"@type\":\"ImageObject\",\"inLanguage\":\"en-US\",\"@id\":\"https:\/\/eyli.com.tr\/#\/schema\/logo\/image\/\",\"url\":\"https:\/\/eyli.com.tr\/wp-content\/uploads\/2020\/04\/WhatsApp-Image-2020-04-23-at-03.11.52-e1587829137284.jpeg\",\"contentUrl\":\"https:\/\/eyli.com.tr\/wp-content\/uploads\/2020\/04\/WhatsApp-Image-2020-04-23-at-03.11.52-e1587829137284.jpeg\",\"width\":1600,\"height\":900,\"caption\":\"Eyli \u0130\u015f Makineleri\"},\"image\":{\"@id\":\"https:\/\/eyli.com.tr\/#\/schema\/logo\/image\/\"},\"sameAs\":[\"https:\/\/www.facebook.com\/eylicomtr\"]},{\"@type\":\"Person\",\"@id\":\"https:\/\/eyli.com.tr\/#\/schema\/person\/9cc50ee7e43c814cb6cc1607a79a689b\",\"name\":\"admin\",\"image\":{\"@type\":\"ImageObject\",\"inLanguage\":\"en-US\",\"@id\":\"https:\/\/eyli.com.tr\/#\/schema\/person\/image\/\",\"url\":\"https:\/\/secure.gravatar.com\/avatar\/8c992c4e56f805ffd3ff97a45cf55d7b?s=96&d=mm&r=g\",\"contentUrl\":\"https:\/\/secure.gravatar.com\/avatar\/8c992c4e56f805ffd3ff97a45cf55d7b?s=96&d=mm&r=g\",\"caption\":\"admin\"},\"url\":\"https:\/\/eyli.com.tr\/en\/author\/eylivolvo\/\"}]}<\/script>\n<!-- \/ Yoast SEO plugin. -->","yoast_head_json":{"title":"Volvo 330 \u2013 D\u00fc\u015f\u00fcn\u00fclmesi gereken bir kaz\u0131c\u0131 - Eyli \u0130\u015f Makineleri","robots":{"index":"index","follow":"follow","max-snippet":"max-snippet:-1","max-image-preview":"max-image-preview:large","max-video-preview":"max-video-preview:-1"},"canonical":"https:\/\/eyli.com.tr\/volvo-330-dusunulmesi-gereken-bir-kazici\/","og_locale":"en_US","og_type":"article","og_title":"Volvo 330 \u2013 D\u00fc\u015f\u00fcn\u00fclmesi gereken bir kaz\u0131c\u0131 - Eyli \u0130\u015f Makineleri","og_description":"Kaz\u0131c\u0131lar onlarca y\u0131ld\u0131r kullan\u0131lmaktad\u0131rlar ve i\u015fi daha etkin, h\u0131zl\u0131 ve \u00e7ok daha kolay bir hale d\u00f6n\u00fc\u015ft\u00fcrmektedirler. Bu y\u00fczden, \u00fcreticilerin \u00fcr\u00fcnlerini m\u00fcmk\u00fcn oldu\u011funca \u00e7ok iyile\u015ftirmek i\u00e7in yo\u011fun bir \u015fekilde \u00e7al\u0131\u015fmalar\u0131 son derece mant\u0131kl\u0131d\u0131r. Piyasada halihaz\u0131rda say\u0131s\u0131z kaz\u0131c\u0131 mevcuttur, fakat kesinlikle sadece birka\u00e7\u0131 yak\u0131ndan bakmaya de\u011ferdir. Bu kaz\u0131c\u0131lardan birisi Volvo EC 330 CL, Volvo EC 330 CL [&hellip;]","og_url":"https:\/\/eyli.com.tr\/volvo-330-dusunulmesi-gereken-bir-kazici\/","og_site_name":"Eyli \u0130\u015f Makineleri","article_publisher":"https:\/\/www.facebook.com\/eylicomtr","article_published_time":"2016-05-22T19:02:14+00:00","og_image":[{"width":647,"height":485,"url":"https:\/\/eyli.com.tr\/wp-content\/uploads\/2016\/05\/volvo-330.jpg","type":"image\/jpeg"}],"author":"admin","twitter_card":"summary_large_image","twitter_misc":{"Written by":"admin","Est. reading time":"1 minute"},"schema":{"@context":"https:\/\/schema.org","@graph":[{"@type":"Article","@id":"https:\/\/eyli.com.tr\/volvo-330-dusunulmesi-gereken-bir-kazici\/#article","isPartOf":{"@id":"https:\/\/eyli.com.tr\/volvo-330-dusunulmesi-gereken-bir-kazici\/"},"author":{"name":"admin","@id":"https:\/\/eyli.com.tr\/#\/schema\/person\/9cc50ee7e43c814cb6cc1607a79a689b"},"headline":"Volvo 330 \u2013 D\u00fc\u015f\u00fcn\u00fclmesi gereken bir kaz\u0131c\u0131","datePublished":"2016-05-22T19:02:14+00:00","mainEntityOfPage":{"@id":"https:\/\/eyli.com.tr\/volvo-330-dusunulmesi-gereken-bir-kazici\/"},"wordCount":238,"publisher":{"@id":"https:\/\/eyli.com.tr\/#organization"},"image":{"@id":"https:\/\/eyli.com.tr\/volvo-330-dusunulmesi-gereken-bir-kazici\/#primaryimage"},"thumbnailUrl":"https:\/\/eyli.com.tr\/wp-content\/uploads\/2016\/05\/volvo-330.jpg","articleSection":["Blog"],"inLanguage":"en-US"},{"@type":"WebPage","@id":"https:\/\/eyli.com.tr\/volvo-330-dusunulmesi-gereken-bir-kazici\/","url":"https:\/\/eyli.com.tr\/volvo-330-dusunulmesi-gereken-bir-kazici\/","name":"Volvo 330 \u2013 D\u00fc\u015f\u00fcn\u00fclmesi gereken bir kaz\u0131c\u0131 - Eyli \u0130\u015f Makineleri","isPartOf":{"@id":"https:\/\/eyli.com.tr\/#website"},"primaryImageOfPage":{"@id":"https:\/\/eyli.com.tr\/volvo-330-dusunulmesi-gereken-bir-kazici\/#primaryimage"},"image":{"@id":"https:\/\/eyli.com.tr\/volvo-330-dusunulmesi-gereken-bir-kazici\/#primaryimage"},"thumbnailUrl":"https:\/\/eyli.com.tr\/wp-content\/uploads\/2016\/05\/volvo-330.jpg","datePublished":"2016-05-22T19:02:14+00:00","breadcrumb":{"@id":"https:\/\/eyli.com.tr\/volvo-330-dusunulmesi-gereken-bir-kazici\/#breadcrumb"},"inLanguage":"en-US","potentialAction":[{"@type":"ReadAction","target":["https:\/\/eyli.com.tr\/volvo-330-dusunulmesi-gereken-bir-kazici\/"]}]},{"@type":"ImageObject","inLanguage":"en-US","@id":"https:\/\/eyli.com.tr\/volvo-330-dusunulmesi-gereken-bir-kazici\/#primaryimage","url":"https:\/\/eyli.com.tr\/wp-content\/uploads\/2016\/05\/volvo-330.jpg","contentUrl":"https:\/\/eyli.com.tr\/wp-content\/uploads\/2016\/05\/volvo-330.jpg","width":647,"height":485},{"@type":"BreadcrumbList","@id":"https:\/\/eyli.com.tr\/volvo-330-dusunulmesi-gereken-bir-kazici\/#breadcrumb","itemListElement":[{"@type":"ListItem","position":1,"name":"Ana sayfa","item":"https:\/\/eyli.com.tr\/"},{"@type":"ListItem","position":2,"name":"Volvo 330 \u2013 D\u00fc\u015f\u00fcn\u00fclmesi gereken bir kaz\u0131c\u0131"}]},{"@type":"WebSite","@id":"https:\/\/eyli.com.tr\/#website","url":"https:\/\/eyli.com.tr\/","name":"Eyli \u0130\u015f Makineleri","description":"","publisher":{"@id":"https:\/\/eyli.com.tr\/#organization"},"potentialAction":[{"@type":"SearchAction","target":{"@type":"EntryPoint","urlTemplate":"https:\/\/eyli.com.tr\/?s={search_term_string}"},"query-input":{"@type":"PropertyValueSpecification","valueRequired":true,"valueName":"search_term_string"}}],"inLanguage":"en-US"},{"@type":"Organization","@id":"https:\/\/eyli.com.tr\/#organization","name":"Eyli \u0130\u015f Makineleri","url":"https:\/\/eyli.com.tr\/","logo":{"@type":"ImageObject","inLanguage":"en-US","@id":"https:\/\/eyli.com.tr\/#\/schema\/logo\/image\/","url":"https:\/\/eyli.com.tr\/wp-content\/uploads\/2020\/04\/WhatsApp-Image-2020-04-23-at-03.11.52-e1587829137284.jpeg","contentUrl":"https:\/\/eyli.com.tr\/wp-content\/uploads\/2020\/04\/WhatsApp-Image-2020-04-23-at-03.11.52-e1587829137284.jpeg","width":1600,"height":900,"caption":"Eyli \u0130\u015f Makineleri"},"image":{"@id":"https:\/\/eyli.com.tr\/#\/schema\/logo\/image\/"},"sameAs":["https:\/\/www.facebook.com\/eylicomtr"]},{"@type":"Person","@id":"https:\/\/eyli.com.tr\/#\/schema\/person\/9cc50ee7e43c814cb6cc1607a79a689b","name":"admin","image":{"@type":"ImageObject","inLanguage":"en-US","@id":"https:\/\/eyli.com.tr\/#\/schema\/person\/image\/","url":"https:\/\/secure.gravatar.com\/avatar\/8c992c4e56f805ffd3ff97a45cf55d7b?s=96&d=mm&r=g","contentUrl":"https:\/\/secure.gravatar.com\/avatar\/8c992c4e56f805ffd3ff97a45cf55d7b?s=96&d=mm&r=g","caption":"admin"},"url":"https:\/\/eyli.com.tr\/en\/author\/eylivolvo\/"}]}},"_links":{"self":[{"href":"https:\/\/eyli.com.tr\/en\/wp-json\/wp\/v2\/posts\/681","targetHints":{"allow":["GET"]}}],"collection":[{"href":"https:\/\/eyli.com.tr\/en\/wp-json\/wp\/v2\/posts"}],"about":[{"href":"https:\/\/eyli.com.tr\/en\/wp-json\/wp\/v2\/types\/post"}],"author":[{"embeddable":true,"href":"https:\/\/eyli.com.tr\/en\/wp-json\/wp\/v2\/users\/1"}],"replies":[{"embeddable":true,"href":"https:\/\/eyli.com.tr\/en\/wp-json\/wp\/v2\/comments?post=681"}],"version-history":[{"count":1,"href":"https:\/\/eyli.com.tr\/en\/wp-json\/wp\/v2\/posts\/681\/revisions"}],"predecessor-version":[{"id":683,"href":"https:\/\/eyli.com.tr\/en\/wp-json\/wp\/v2\/posts\/681\/revisions\/683"}],"wp:featuredmedia":[{"embeddable":true,"href":"https:\/\/eyli.com.tr\/en\/wp-json\/wp\/v2\/media\/682"}],"wp:attachment":[{"href":"https:\/\/eyli.com.tr\/en\/wp-json\/wp\/v2\/media?parent=681"}],"wp:term":[{"taxonomy":"category","embeddable":true,"href":"https:\/\/eyli.com.tr\/en\/wp-json\/wp\/v2\/categories?post=681"},{"taxonomy":"post_tag","embeddable":true,"href":"https:\/\/eyli.com.tr\/en\/wp-json\/wp\/v2\/tags?post=681"}],"curies":[{"name":"wp","href":"https:\/\/api.w.org\/{rel}","templated":true}]}}